{"id":183,"date":"2024-06-12T08:00:41","date_gmt":"2024-06-12T08:00:41","guid":{"rendered":"https:\/\/ampaperevives.com\/noticies\/?p=183"},"modified":"2024-06-12T08:04:18","modified_gmt":"2024-06-12T08:04:18","slug":"eleccions-renovacio-junta-ampa-ies-pere-vives-vich-25-juny-2024-convocatoria-junta-extraordinaria","status":"publish","type":"post","link":"https:\/\/ampaperevives.com\/noticies\/2024\/06\/12\/eleccions-renovacio-junta-ampa-ies-pere-vives-vich-25-juny-2024-convocatoria-junta-extraordinaria\/","title":{"rendered":"ELECCIONS RENOVACI\u00d3 JUNTA AMPA IES PERE VIVES VICH &#8211; 25 JUNY 2024 CONVOCATORIA JUNTA EXTRAORDINARIA"},"content":{"rendered":"\n<p><\/p>\n\n\n\n<div style=\"height:38px\" aria-hidden=\"true\" class=\"wp-block-spacer\"><\/div>\n\n\n\n<p><\/p>\n\n\n\n<p><em>Benvolguts associats :<\/em><\/p>\n\n\n\n<p><em>Els c\u00e0rrecs electes de l\u00b4actual Junta directiva d\u00b4aquesta&nbsp;AMPA cessen enguany (amb la finalitzaci\u00f3 del curs 2023-2024) en les seves funcions pel fet de deixar de ser associats.<\/em><\/p>\n\n\n\n<p><em>Segons l\u00b4artic 8&nbsp; punt b) dels estatuts de l\u00b4AMPA,&nbsp;&nbsp;l&#8217;assemblea general te la facultat d\u00b4elegir&nbsp;i separar membres del seu \u00f2rgan&nbsp;de govern (la junta directiva)&nbsp;<\/em><\/p>\n\n\n\n<p><em>Segons l\u00b4artic 9 l&#8217;\u00f2rgan&nbsp;de govern pot convocar Assemblea&nbsp;General amb car\u00e0cter&nbsp;extraordinari sempre que ho consideri convenient&nbsp; havent de contenir ordre del dia, lloc, data i hora de la reunio&nbsp;<\/em><\/p>\n\n\n\n<p><em>Les assemblees generals extraordinaries&nbsp;s\u00b4hauran de convocar en 10 dies naturals abans de la reunio o si es en car\u00e0cter&nbsp;d&#8217;urg\u00e8ncia&nbsp;en un per\u00edode inferior a 10 dies d&#8217;antelaci\u00f3 i mai menor a 24 hores&nbsp;<\/em><\/p>\n\n\n\n<p><em>S&#8217;haur\u00e0 d&#8217;escollir&nbsp;President\/a, Vicepresident\/a, Tresorer\/a , secretari\/a i els \/les vocals encara que la Junta Directiva&nbsp;pot quedar constitu\u00efda&nbsp;amb els c\u00e0rrecs de&nbsp; President\/a, Tresorer\/a&nbsp;i secretari\/a<br><\/em><\/p>\n\n\n\n<p><em>Segons l\u00b4artic&nbsp;13 l\u00b4eleccio dels membres de la nova junta directiva, que han de ser socis o s\u00f2cies, es fa per votaci\u00f3&nbsp;de l&#8217;Assemblea&nbsp;General (sigui ordinaria o extraordinaria)&nbsp;<\/em><\/p>\n\n\n\n<p><strong><em>Per tant , us convoquem a la Junta Extraordin\u00e0ria de l\u00b4AMPA IES PERE VIVES VICH en data 25 de Juny (dimarts) a les 19:30 hores a les instal.lacions de l\u00b4Institut Pere Vives Vich , on podreu presentar les vostres candidatures i procedir a escollir el nou \u00f2rgan de govern d\u00b4acord amb el seguent ordre del dia&nbsp;<\/em><\/strong><em>:<\/em><\/p>\n\n\n\n<p><em>&#8211;<strong>&nbsp;Lectura de la darrera acta&nbsp;<\/strong><\/em><\/p>\n\n\n\n<p><strong><em>&#8211; Aprovaci\u00f3 de la darrera acta&nbsp;<\/em><\/strong><\/p>\n\n\n\n<p><strong><em>&#8211; Votaci\u00f3&nbsp;i nomenament de nova Junta Ampa entre les candidatures presentades&nbsp;<\/em><\/strong><\/p>\n\n\n\n<p><strong><em>&#8211; Precs i preguntes<\/em><\/strong><\/p>\n","protected":false},"excerpt":{"rendered":"<p>Benvolguts associats : Els c\u00e0rrecs electes de l\u00b4actual Junta directiva d\u00b4aquesta&nbsp;AMPA cessen enguany (amb la finalitzaci\u00f3 del curs 2023-2024) en les seves funcions pel fet de deixar de ser associats. Segons l\u00b4artic 8&nbsp; punt b) dels estatuts de l\u00b4AMPA,&nbsp;&nbsp;l&#8217;assemblea general te la facultat d\u00b4elegir&nbsp;i separar membres del seu \u00f2rgan&nbsp;de govern (la junta directiva)&nbsp; Segons l\u00b4artic [&hellip;]<\/p>\n","protected":false},"author":1,"featured_media":186,"comment_status":"closed","ping_status":"open","sticky":false,"template":"","format":"standard","meta":{"footnotes":""},"categories":[1],"tags":[],"class_list":["post-183","post","type-post","status-publish","format-standard","has-post-thumbnail","hentry","category-sin-categoria"],"_links":{"self":[{"href":"https:\/\/ampaperevives.com\/noticies\/wp-json\/wp\/v2\/posts\/183","targetHints":{"allow":["GET"]}}],"collection":[{"href":"https:\/\/ampaperevives.com\/noticies\/wp-json\/wp\/v2\/posts"}],"about":[{"href":"https:\/\/ampaperevives.com\/noticies\/wp-json\/wp\/v2\/types\/post"}],"author":[{"embeddable":true,"href":"https:\/\/ampaperevives.com\/noticies\/wp-json\/wp\/v2\/users\/1"}],"replies":[{"embeddable":true,"href":"https:\/\/ampaperevives.com\/noticies\/wp-json\/wp\/v2\/comments?post=183"}],"version-history":[{"count":5,"href":"https:\/\/ampaperevives.com\/noticies\/wp-json\/wp\/v2\/posts\/183\/revisions"}],"predecessor-version":[{"id":190,"href":"https:\/\/ampaperevives.com\/noticies\/wp-json\/wp\/v2\/posts\/183\/revisions\/190"}],"wp:featuredmedia":[{"embeddable":true,"href":"https:\/\/ampaperevives.com\/noticies\/wp-json\/wp\/v2\/media\/186"}],"wp:attachment":[{"href":"https:\/\/ampaperevives.com\/noticies\/wp-json\/wp\/v2\/media?parent=183"}],"wp:term":[{"taxonomy":"category","embeddable":true,"href":"https:\/\/ampaperevives.com\/noticies\/wp-json\/wp\/v2\/categories?post=183"},{"taxonomy":"post_tag","embeddable":true,"href":"https:\/\/ampaperevives.com\/noticies\/wp-json\/wp\/v2\/tags?post=183"}],"curies":[{"name":"wp","href":"https:\/\/api.w.org\/{rel}","templated":true}]}}